{"id":16729,"date":"2025-08-28T16:54:00","date_gmt":"2025-08-28T14:54:00","guid":{"rendered":"https:\/\/mirabel-baiedecayola.com\/?p=16729"},"modified":"2025-11-07T15:55:42","modified_gmt":"2025-11-07T14:55:42","slug":"urlaub-im-september-in-der-vendee","status":"publish","type":"post","link":"https:\/\/mirabel-baiedecayola.com\/de\/vacances-de-septembre-en-vendee\/","title":{"rendered":"Septemberferien in der Vend\u00e9e"},"content":{"rendered":"<div class=\"wp-block-media-text is-stacked-on-mobile\"><figure class=\"wp-block-media-text__media\"><img loading=\"lazy\" decoding=\"async\" width=\"1024\" height=\"683\" src=\"https:\/\/mirabel-baiedecayola.com\/wp-content\/uploads\/2024\/02\/Plage-Veillon-proche-Baie-Cayola-2-1024x683.jpg\" alt=\"Plage Veillon\" class=\"wp-image-15554 size-full\" srcset=\"https:\/\/mirabel-baiedecayola.com\/wp-content\/uploads\/2024\/02\/Plage-Veillon-proche-Baie-Cayola-2-1024x683.jpg 1024w, https:\/\/mirabel-baiedecayola.com\/wp-content\/uploads\/2024\/02\/Plage-Veillon-proche-Baie-Cayola-2-300x200.jpg 300w, https:\/\/mirabel-baiedecayola.com\/wp-content\/uploads\/2024\/02\/Plage-Veillon-proche-Baie-Cayola-2-768x512.jpg 768w, https:\/\/mirabel-baiedecayola.com\/wp-content\/uploads\/2024\/02\/Plage-Veillon-proche-Baie-Cayola-2.jpg 1200w\" sizes=\"auto, (max-width: 1024px) 100vw, 1024px\" \/><\/figure><div class=\"wp-block-media-text__content\">\n<h2 class=\"wp-block-heading\"><strong>Die Str\u00e4nde von Les Sables d\u2019Olonne im September<\/strong><\/h2>\n\n\n\n<p>Man kann die Str\u00e4nde der Vend\u00e9e nicht erw\u00e4hnen, ohne mit dem Grande Plage von Les Sables-d'Olonne zu beginnen. Der ber\u00fchmteste Badeort der Vend\u00e9e mit seinem <strong>langer feiner Sandstrand<\/strong>, In der N\u00e4he befindet sich eine kleine Stadt, die sich \u00fcber 3 km erstreckt, mit einem Damm und Gesch\u00e4ften, die direkt am Meer und im S\u00fcden liegen.<\/p>\n\n\n\n<p>Sie bevorzugen einen wilderen Strand? Richtung <strong>Sauveterre-Strand<\/strong>, ein bekannter Surfspot mit seinen Wellen, ist sie perfekt f\u00fcr einen Spaziergang mit Ihrem Hund (das ganze Jahr \u00fcber an der Leine erlaubt). Eine Mischung aus D\u00fcnen, Felsen und sogar einem Wald in der Umgebung f\u00fcr einen Ausflug in die Natur.<\/p>\n\n\n\n<p>Der Strand von Paracou ist der ideale Ort zum Angeln. Es ist ein langer Strand mit feinem Sand, der von D\u00fcnen und Felsen ges\u00e4umt wird, wilder und weniger \u00fcberlaufen als der gro\u00dfe Strand von Sables.<\/p>\n\n\n\n<p>Oder auch die <strong><u><a href=\"https:\/\/mirabel-baiedecayola.com\/de\/camping-talmont-saint-hilaire\/\">Plage du Veillon in Talmont-Hilaire<\/a><\/u><\/strong> die sich wunderbar zum Baden, f\u00fcr Naturerlebnisse und sogar zur Vogelbeobachtung eignet.<\/p>\n\n\n\n<p><\/p>\n\n\n\n<p><\/p>\n<\/div><\/div>\n\n\n\n<div class=\"wp-block-media-text has-media-on-the-right is-stacked-on-mobile\"><div class=\"wp-block-media-text__content\">\n<h2 class=\"wp-block-heading\"><strong>G\u00fcnstiger Urlaub in der Vend\u00e9e im September<\/strong><\/h2>\n\n\n\n<p>Im September, Ziel Les Sables d\u2019Olonne! Der Ort ist lebendig ohne den Sommeransturm und die Preise sind sehr erschwinglich. Das Wetter im September in der Vend\u00e9e ist mehr als angenehm und es w\u00e4re schade, es nicht zu nutzen. <\/p>\n\n\n\n<p>Unser Campingplatz bietet <strong>Ferienvermietungen<\/strong> ab 2 N\u00e4chten im September und bis zum 31. Oktober. Wenn Sie gro\u00dfe Innenr\u00e4ume m\u00f6gen, dann unsere <strong><a href=\"https:\/\/mirabel-baiedecayola.com\/de\/vermietung-wohnung-les-sables-d-olonne\/\">Wohnungen von 50 bis 90 m\u00b2<sup>2<\/sup><\/a><\/strong> vont Ihnen gefallen. 2 Schlafzimmer, Maisonette oder 3 Schlafzimmer, <strong>mit Meerblick<\/strong> und am Fu\u00dfe der <a href=\"https:\/\/mirabel-baiedecayola.com\/de\/wasserpark\/\">Hallenbad<\/a>, alles ist da f\u00fcr ein paar erholsame Tage in der Vend\u00e9e. Die Mietpreise sinken in der Nebensaison. W\u00e4hlen Sie Ihre Abreisedaten und sehen Sie die Preise entsprechend den Verf\u00fcgbarkeiten. Vend\u00e9e!<\/p>\n<\/div><figure class=\"wp-block-media-text__media\"><img loading=\"lazy\" decoding=\"async\" width=\"1024\" height=\"768\" src=\"https:\/\/mirabel-baiedecayola.com\/wp-content\/uploads\/2024\/01\/piscine-jacuzzi-camping-cayola.jpg\" alt=\"Beheiztes Hallenbad mit Whirlpool auf dem Campingplatz La Baie de Cayola\" class=\"wp-image-15219 size-full\" srcset=\"https:\/\/mirabel-baiedecayola.com\/wp-content\/uploads\/2024\/01\/piscine-jacuzzi-camping-cayola.jpg 1024w, https:\/\/mirabel-baiedecayola.com\/wp-content\/uploads\/2024\/01\/piscine-jacuzzi-camping-cayola-300x225.jpg 300w, https:\/\/mirabel-baiedecayola.com\/wp-content\/uploads\/2024\/01\/piscine-jacuzzi-camping-cayola-768x576.jpg 768w\" sizes=\"auto, (max-width: 1024px) 100vw, 1024px\" \/><\/figure><\/div>\n\n\n\n<div class=\"wp-block-media-text is-stacked-on-mobile is-image-fill-element\"><figure class=\"wp-block-media-text__media\"><img loading=\"lazy\" decoding=\"async\" width=\"600\" height=\"451\" src=\"https:\/\/mirabel-baiedecayola.com\/wp-content\/uploads\/2024\/08\/plage-maree-vendee.jpg\" alt=\"\" class=\"wp-image-16732 size-full\" style=\"object-position:50% 50%\" srcset=\"https:\/\/mirabel-baiedecayola.com\/wp-content\/uploads\/2024\/08\/plage-maree-vendee.jpg 600w, https:\/\/mirabel-baiedecayola.com\/wp-content\/uploads\/2024\/08\/plage-maree-vendee-300x226.jpg 300w\" sizes=\"auto, (max-width: 600px) 100vw, 600px\" \/><\/figure><div class=\"wp-block-media-text__content\">\n<h2 class=\"wp-block-heading\"><strong>Entfliehen Sie w\u00e4hrend der gro\u00dfen Springfluten im September 20<\/strong>5<\/h2>\n\n\n\n<p>Im Herbst bieten die gro\u00dfen Gezeiten ein atemberaubendes Schauspiel f\u00fcr Liebhaber von Spazierg\u00e4ngen am Meer. Es mangelt nicht an ikonischen Orten zwischen dem Passage du Gois, dem Strand der F\u00fcnf Kiefern oder der Br\u00fccke von Yeu in Notre-Dame-de-Monts.<\/p>\n\n\n\n<h3 class=\"wp-block-heading\">Koeffizient \u00fcber 90 <strong>vom 8. bis 11. September<\/strong><\/h3>\n\n\n\n<p><strong>Die Passage du Gois<\/strong>, eine \u00fcberflutbare Stra\u00dfe, die die \u00cele de Noirmoutier mit dem Festland verbindet, ist ein einzigartiger Ort, an dem man beobachten kann, wie sich das Meer zur\u00fcckzieht und einen Weg aus Sand und Muscheln freigibt. Es ist ein idealer Ort f\u00fcr die Strandfischerei, insbesondere zum Sammeln von Venusmuscheln, Herzmuscheln und Napfschnecken.<\/p>\n\n\n\n<p><strong>Der Strand der F\u00fcnf Kiefern<\/strong>, liegt in Saint-Gilles-Croix-de-Vie und bietet ein atemberaubendes Panorama mit seinen zerkl\u00fcfteten Felsen und unverbauten Ausblicken auf den Ozean. Bei Ebbe ist es ein wahres Spielfeld f\u00fcr Wattfischer, die nach Garnelen, Krabben oder Muscheln suchen.<\/p>\n\n\n\n<p><strong>Die Br\u00fccke von Yeu<\/strong>, hingegen ist eine nat\u00fcrliche Kuriosit\u00e4t, die man bei einer Wanderung entdecken kann. Es handelt sich um einen Felsbogen, der \u00fcber dem Meer thront und einen atemberaubenden Blick auf den Horizont bietet. Bei einem Spaziergang in der Umgebung k\u00f6nnen Sie auch die wilden und unber\u00fchrten Landschaften der K\u00fcste der Vend\u00e9e entdecken, wo die Natur bei jeder Flut ihren Lauf nimmt.<\/p>\n\n\n\n<h3 class=\"wp-block-heading\">N\u00e4chste Springfluten in der Vend\u00e9e: <strong>vom 7. bis 10. Oktober.<\/strong><\/h3>\n<\/div><\/div>\n\n\n\n<div style=\"height:34px\" aria-hidden=\"true\" class=\"wp-block-spacer\"><\/div>\n\n\n\n<p class=\"has-text-align-center border border-info card\">Vergessen Sie nicht, dass <strong>Das Wattfischen unterliegt strengen Regeln, um die Meeresfauna zu sch\u00fctzen.<\/strong> Denken Sie daran, die Gezeiten zu \u00fcberpr\u00fcfen und die Mindestfangma\u00dfe sowie die erlaubten Fangquoten einzuhalten. Die Herbstsaison ist ideal f\u00fcr die Ernte von Venusmuscheln, die in diesen Gebieten bis Ende des Herbstes gefischt werden k\u00f6nnen.<\/p>\n\n\n\n<p><\/p>","protected":false},"excerpt":{"rendered":"<p>Les plages des Sables d\u2019Olonne en septembre Impossible de parler des plages de Vend\u00e9e sans commencer par la Grande Plage [&hellip;]<\/p>\n","protected":false},"author":4,"featured_media":16732,"comment_status":"closed","ping_status":"open","sticky":false,"template":"","format":"standard","meta":{"_seopress_robots_primary_cat":"none","_seopress_titles_title":"Vacances arri\u00e8re saison en camping en Vend\u00e9e - Mirabel","_seopress_titles_desc":"R\u00e9servez quelques jours en arri\u00e8re saison et profitez de la tranquillit\u00e9 et des tarifs hors saison. Prolongez vos vacances en septembre en Vend\u00e9e.","_seopress_robots_index":"","footnotes":""},"categories":[1],"tags":[],"class_list":["post-16729","post","type-post","status-publish","format-standard","has-post-thumbnail","hentry","category-non-classifiee"],"_links":{"self":[{"href":"https:\/\/mirabel-baiedecayola.com\/de\/wp-json\/wp\/v2\/posts\/16729","targetHints":{"allow":["GET"]}}],"collection":[{"href":"https:\/\/mirabel-baiedecayola.com\/de\/wp-json\/wp\/v2\/posts"}],"about":[{"href":"https:\/\/mirabel-baiedecayola.com\/de\/wp-json\/wp\/v2\/types\/post"}],"author":[{"embeddable":true,"href":"https:\/\/mirabel-baiedecayola.com\/de\/wp-json\/wp\/v2\/users\/4"}],"replies":[{"embeddable":true,"href":"https:\/\/mirabel-baiedecayola.com\/de\/wp-json\/wp\/v2\/comments?post=16729"}],"version-history":[{"count":9,"href":"https:\/\/mirabel-baiedecayola.com\/de\/wp-json\/wp\/v2\/posts\/16729\/revisions"}],"predecessor-version":[{"id":17347,"href":"https:\/\/mirabel-baiedecayola.com\/de\/wp-json\/wp\/v2\/posts\/16729\/revisions\/17347"}],"wp:featuredmedia":[{"embeddable":true,"href":"https:\/\/mirabel-baiedecayola.com\/de\/wp-json\/wp\/v2\/media\/16732"}],"wp:attachment":[{"href":"https:\/\/mirabel-baiedecayola.com\/de\/wp-json\/wp\/v2\/media?parent=16729"}],"wp:term":[{"taxonomy":"category","embeddable":true,"href":"https:\/\/mirabel-baiedecayola.com\/de\/wp-json\/wp\/v2\/categories?post=16729"},{"taxonomy":"post_tag","embeddable":true,"href":"https:\/\/mirabel-baiedecayola.com\/de\/wp-json\/wp\/v2\/tags?post=16729"}],"curies":[{"name":"wp","href":"https:\/\/api.w.org\/{rel}","templated":true}]}}