{"id":7842,"date":"2022-03-14T12:19:02","date_gmt":"2022-03-14T11:19:02","guid":{"rendered":"https:\/\/www.camping-vendee-cayola.com\/?p=7842"},"modified":"2024-04-11T10:04:10","modified_gmt":"2024-04-11T08:04:10","slug":"ende-der-maskenpflicht-und-des-impfnachweises","status":"publish","type":"post","link":"https:\/\/mirabel-baiedecayola.com\/de\/fin-du-port-du-masque-et-du-pass-vaccinal\/","title":{"rendered":"Ende des Maskentragens und des Impfpasses"},"content":{"rendered":"<p class=\"has-text-align-center\">Das sind die guten Nachrichten der Woche: Ab Montag, dem 14. M\u00e4rz 2022, werden die Gesundheitsbeschr\u00e4nkungen endlich gelockert!<\/p>\n\n\n\n<div class=\"wp-block-media-text alignwide is-stacked-on-mobile\"><figure class=\"wp-block-media-text__media\"><img loading=\"lazy\" decoding=\"async\" width=\"1024\" height=\"1024\" src=\"https:\/\/mirabel-baiedecayola.com\/wp-content\/uploads\/2024\/04\/fin-interdiction-masque-mars2022-1024x1024-1.jpg\" alt=\"\" class=\"wp-image-16034 size-full\" srcset=\"https:\/\/mirabel-baiedecayola.com\/wp-content\/uploads\/2024\/04\/fin-interdiction-masque-mars2022-1024x1024-1.jpg 1024w, https:\/\/mirabel-baiedecayola.com\/wp-content\/uploads\/2024\/04\/fin-interdiction-masque-mars2022-1024x1024-1-300x300.jpg 300w, https:\/\/mirabel-baiedecayola.com\/wp-content\/uploads\/2024\/04\/fin-interdiction-masque-mars2022-1024x1024-1-150x150.jpg 150w, https:\/\/mirabel-baiedecayola.com\/wp-content\/uploads\/2024\/04\/fin-interdiction-masque-mars2022-1024x1024-1-768x768.jpg 768w\" sizes=\"auto, (max-width: 1024px) 100vw, 1024px\" \/><\/figure><div class=\"wp-block-media-text__content\">\n<p class=\"has-large-font-size\">Ende der Maskenpflicht <\/p>\n\n\n\n<figure class=\"wp-block-image size-full is-style-default\"><img loading=\"lazy\" decoding=\"async\" width=\"51\" height=\"8\" src=\"https:\/\/www.campinglarenaudiere.com\/wp-content\/uploads\/2022\/01\/barre-orange.png\" alt=\"\" class=\"wp-image-2726\"\/><\/figure>\n\n\n\n<p>Ab der \u00d6ffnung am 15. M\u00e4rz ist das Tragen einer Maske auf Ihrem Campingplatz nicht mehr verpflichtend. Sie m\u00fcssen sie weder auf den Wegen, noch an der Rezeption oder sonst irgendwo tragen. <\/p>\n\n\n\n<p>Dennoch verlassen wir uns auf Ihre Wachsamkeit und Ihr gesunden Menschenverstand, wenn Sie auch nur die geringsten Symptome (Erk\u00e4ltung oder andere) aufweisen. In diesen F\u00e4llen kann das Tragen einer Maske zum Schutz unserer Teams und der anderen Bewohner und Urlauber von Ihnen verlangt werden.<\/p>\n\n\n\n<p class=\"has-large-font-size\">Ende der Impfpasspflicht <\/p>\n\n\n\n<figure class=\"wp-block-image size-full is-style-default\"><img loading=\"lazy\" decoding=\"async\" width=\"51\" height=\"8\" src=\"https:\/\/www.campinglarenaudiere.com\/wp-content\/uploads\/2022\/01\/barre-orange.png\" alt=\"\" class=\"wp-image-2726\"\/><\/figure>\n\n\n\n<p>Die Impfpflicht f\u00fcr die Einreise auf den Campingplatz ist aufgehoben. Diese Regelung gilt sowohl f\u00fcr Anwohner und Urlauber als auch f\u00fcr Besucher.<\/p>\n\n\n\n<p>Diese Einschr\u00e4nkungen gelten ab morgen f\u00fcr die Er\u00f6ffnung des Campingplatzes f\u00fcr Anwohner und bis auf Weiteres! <\/p>\n<\/div><\/div>","protected":false},"excerpt":{"rendered":"<p>C&rsquo;est la bonne nouvelle de la semaine : \u00e0 partir du lundi 14 mars 2022, les restrictions sanitaires s&rsquo;assouplissent enfin [&hellip;]<\/p>\n","protected":false},"author":3,"featured_media":16034,"comment_status":"open","ping_status":"open","sticky":false,"template":"","format":"standard","meta":{"_seopress_robots_primary_cat":"none","_seopress_titles_title":"C'est la fin du port du masque","_seopress_titles_desc":"La bonne nouvelle est arriv\u00e9e, c'est la fin du port du masque et du pass vaccinal pour votre s\u00e9jour au camping le Cayola.","_seopress_robots_index":"","footnotes":""},"categories":[1],"tags":[],"class_list":["post-7842","post","type-post","status-publish","format-standard","has-post-thumbnail","hentry","category-non-classifiee"],"_links":{"self":[{"href":"https:\/\/mirabel-baiedecayola.com\/de\/wp-json\/wp\/v2\/posts\/7842","targetHints":{"allow":["GET"]}}],"collection":[{"href":"https:\/\/mirabel-baiedecayola.com\/de\/wp-json\/wp\/v2\/posts"}],"about":[{"href":"https:\/\/mirabel-baiedecayola.com\/de\/wp-json\/wp\/v2\/types\/post"}],"author":[{"embeddable":true,"href":"https:\/\/mirabel-baiedecayola.com\/de\/wp-json\/wp\/v2\/users\/3"}],"replies":[{"embeddable":true,"href":"https:\/\/mirabel-baiedecayola.com\/de\/wp-json\/wp\/v2\/comments?post=7842"}],"version-history":[{"count":7,"href":"https:\/\/mirabel-baiedecayola.com\/de\/wp-json\/wp\/v2\/posts\/7842\/revisions"}],"predecessor-version":[{"id":16037,"href":"https:\/\/mirabel-baiedecayola.com\/de\/wp-json\/wp\/v2\/posts\/7842\/revisions\/16037"}],"wp:featuredmedia":[{"embeddable":true,"href":"https:\/\/mirabel-baiedecayola.com\/de\/wp-json\/wp\/v2\/media\/16034"}],"wp:attachment":[{"href":"https:\/\/mirabel-baiedecayola.com\/de\/wp-json\/wp\/v2\/media?parent=7842"}],"wp:term":[{"taxonomy":"category","embeddable":true,"href":"https:\/\/mirabel-baiedecayola.com\/de\/wp-json\/wp\/v2\/categories?post=7842"},{"taxonomy":"post_tag","embeddable":true,"href":"https:\/\/mirabel-baiedecayola.com\/de\/wp-json\/wp\/v2\/tags?post=7842"}],"curies":[{"name":"wp","href":"https:\/\/api.w.org\/{rel}","templated":true}]}}