{"id":7818,"date":"2022-03-09T15:13:40","date_gmt":"2022-03-09T14:13:40","guid":{"rendered":"https:\/\/www.camping-vendee-cayola.com\/?p=7818"},"modified":"2024-04-11T09:46:19","modified_gmt":"2024-04-11T07:46:19","slug":"heropening-van-de-camping","status":"publish","type":"post","link":"https:\/\/mirabel-baiedecayola.com\/nl\/reouverture-du-camping\/","title":{"rendered":"Heropening van de camping op 15 maart 2022"},"content":{"rendered":"<p class=\"has-text-align-center\">Op dinsdag 15 maart heropent camping La Baie de Cayola haar deuren voor de bewoners.<\/p>\n\n\n\n<div class=\"wp-block-media-text alignwide is-stacked-on-mobile\" style=\"grid-template-columns:43% auto\"><figure class=\"wp-block-media-text__media\"><img loading=\"lazy\" decoding=\"async\" width=\"1024\" height=\"1024\" src=\"https:\/\/www.mirabel-baiedecayola.com\/wp-content\/uploads\/2022\/03\/re\u0301ouverture-camping-1-avril-1024x1024.png\" alt=\"\" class=\"wp-image-10237 size-full\" srcset=\"https:\/\/mirabel-baiedecayola.com\/wp-content\/uploads\/2022\/03\/re\u0301ouverture-camping-1-avril-1024x1024.png 1024w, https:\/\/mirabel-baiedecayola.com\/wp-content\/uploads\/2022\/03\/re\u0301ouverture-camping-1-avril-300x300.png 300w, https:\/\/mirabel-baiedecayola.com\/wp-content\/uploads\/2022\/03\/re\u0301ouverture-camping-1-avril-150x150.png 150w, https:\/\/mirabel-baiedecayola.com\/wp-content\/uploads\/2022\/03\/re\u0301ouverture-camping-1-avril-768x768.png 768w, https:\/\/mirabel-baiedecayola.com\/wp-content\/uploads\/2022\/03\/re\u0301ouverture-camping-1-avril.png 1200w\" sizes=\"auto, (max-width: 1024px) 100vw, 1024px\" \/><\/figure><div class=\"wp-block-media-text__content\">\n<p class=\"texte-rond has-orange-color has-text-color has-large-font-size\">Heropening voor bewoners<\/p>\n\n\n\n<figure class=\"wp-block-image size-full\"><img loading=\"lazy\" decoding=\"async\" width=\"51\" height=\"8\" src=\"https:\/\/www.mirabel-baiedecayola.com\/wp-content\/uploads\/2022\/01\/barre-orange.png\" alt=\"\" class=\"wp-image-2726\"\/><\/figure>\n\n\n\n<p>We weten dat jullie er elk jaar naar uitkijken, en wij ook. We zijn blij dat we eindelijk weer bij jullie zijn.<\/p>\n\n\n\n<p>De camping gaat op 1 april open voor vakanties en verhuur van stacaravans en appartementen, tegelijk met ons waterpark.<\/p>\n\n\n\n<p>Tot snel in Les Sables d'Olonne.<\/p>\n\n\n\n<figure class=\"wp-block-image alignright size-full is-resized\"><img loading=\"lazy\" decoding=\"async\" src=\"https:\/\/www.mirabel-baiedecayola.com\/wp-content\/uploads\/2021\/12\/Smile.png\" alt=\"praktisch glimlachen\" class=\"wp-image-1947\" width=\"111\" height=\"74\" srcset=\"https:\/\/mirabel-baiedecayola.com\/wp-content\/uploads\/2021\/12\/Smile.png 320w, https:\/\/mirabel-baiedecayola.com\/wp-content\/uploads\/2021\/12\/Smile-300x201.png 300w\" sizes=\"auto, (max-width: 111px) 100vw, 111px\" \/><\/figure>\n<\/div><\/div>","protected":false},"excerpt":{"rendered":"<p>Op dinsdag 15 maart heropent camping La Baie de Cayola haar deuren voor de bewoners.<\/p>","protected":false},"author":3,"featured_media":10237,"comment_status":"open","ping_status":"open","sticky":false,"template":"","format":"standard","meta":{"_seopress_robots_primary_cat":"none","_seopress_titles_title":"Le camping r\u00e9ouvre ! R\u00e9servez votre s\u00e9jour","_seopress_titles_desc":"Pr\u00eats ? C'est parti, le camping ouvre ses portes pour la saison 2022. Animations, piscine, activit\u00e9s, venez s\u00e9journer au camping le Cayola.","_seopress_robots_index":"","footnotes":""},"categories":[1],"tags":[],"class_list":["post-7818","post","type-post","status-publish","format-standard","has-post-thumbnail","hentry","category-non-classifiee"],"_links":{"self":[{"href":"https:\/\/mirabel-baiedecayola.com\/nl\/wp-json\/wp\/v2\/posts\/7818","targetHints":{"allow":["GET"]}}],"collection":[{"href":"https:\/\/mirabel-baiedecayola.com\/nl\/wp-json\/wp\/v2\/posts"}],"about":[{"href":"https:\/\/mirabel-baiedecayola.com\/nl\/wp-json\/wp\/v2\/types\/post"}],"author":[{"embeddable":true,"href":"https:\/\/mirabel-baiedecayola.com\/nl\/wp-json\/wp\/v2\/users\/3"}],"replies":[{"embeddable":true,"href":"https:\/\/mirabel-baiedecayola.com\/nl\/wp-json\/wp\/v2\/comments?post=7818"}],"version-history":[{"count":11,"href":"https:\/\/mirabel-baiedecayola.com\/nl\/wp-json\/wp\/v2\/posts\/7818\/revisions"}],"predecessor-version":[{"id":16021,"href":"https:\/\/mirabel-baiedecayola.com\/nl\/wp-json\/wp\/v2\/posts\/7818\/revisions\/16021"}],"wp:featuredmedia":[{"embeddable":true,"href":"https:\/\/mirabel-baiedecayola.com\/nl\/wp-json\/wp\/v2\/media\/10237"}],"wp:attachment":[{"href":"https:\/\/mirabel-baiedecayola.com\/nl\/wp-json\/wp\/v2\/media?parent=7818"}],"wp:term":[{"taxonomy":"category","embeddable":true,"href":"https:\/\/mirabel-baiedecayola.com\/nl\/wp-json\/wp\/v2\/categories?post=7818"},{"taxonomy":"post_tag","embeddable":true,"href":"https:\/\/mirabel-baiedecayola.com\/nl\/wp-json\/wp\/v2\/tags?post=7818"}],"curies":[{"name":"wp","href":"https:\/\/api.w.org\/{rel}","templated":true}]}}